{"id":2335,"date":"2020-07-15T12:30:20","date_gmt":"2020-07-15T11:30:20","guid":{"rendered":"https:\/\/blogs.terrassa.cat\/smarterrassa\/?p=2335"},"modified":"2020-07-15T12:30:20","modified_gmt":"2020-07-15T11:30:20","slug":"terrassa-ha-sido-escogida-para-formar-parte-de-la-red-de-100-ciudades-inteligentes-icc-que-promueve-la-comision-europea","status":"publish","type":"post","link":"https:\/\/blogs.terrassa.cat\/ciutatdigital\/es\/2020\/07\/15\/terrassa-ha-sido-escogida-para-formar-parte-de-la-red-de-100-ciudades-inteligentes-icc-que-promueve-la-comision-europea\/","title":{"rendered":"Terrassa ha sido escogida para formar parte de la red de 100 ciudades inteligentes *ICC que promueve la Comisi\u00f3n Europea"},"content":{"rendered":"<p>El objetivo de la red es potenciar las tecnolog\u00edas avanzadas orientadas al logro de un crecimiento verde, inteligente y sostenible que contribuya a mejorar la calidad de vida de la ciudadan\u00eda.<\/p>\n<p>Terrassa es una de las 88 ciudades, de entre 192 de todo Europa, que desprendido de una exhaustiva valoraci\u00f3n de las candidaturas presentadas, han sido escogidas en una primera ronda de selecci\u00f3n, para formar parte de la red &#8220;*Intelligent *Cities *Challenge&#8221; (*ICC), una iniciativa de la Comisi\u00f3n Europea que quiere apoyar a la transformaci\u00f3n digital y la modernizaci\u00f3n industrial de las ciudades para que aprovechen al m\u00e1ximo las tecnolog\u00edas digitales y avances.<\/p>\n<p>Durante los pr\u00f3ximos dos a\u00f1os, el Ayuntamiento de Terrassa recibir\u00e1 el asesoramiento de expertos y las herramientas necesarias para potenciar las nuevas tecnolog\u00edas orientadas a la sostenibilidad y al desarrollo de la estrategia de gesti\u00f3n de la resiliencia urbana. El objetivo se centrar\u00e1 en la incorporaci\u00f3n de nuevas estrategias que permitan transformar Terrassa en una ciudad donde la tecnolog\u00eda promueva espacios de inclusi\u00f3n, participaci\u00f3n e innovaci\u00f3n, salvaguarde la calidad de vida, as\u00ed como el desarrollo social y econ\u00f3mico de la ciudad.<\/p>\n<p>El proyecto presentado por Terrassa tiene tres objetivos concretos que se quieren lograr a corto\/medio plazo: potenciar la estrategia de especializaci\u00f3n inteligente de la ciudad en salud y promoci\u00f3n de la vida saludable, elaborar un Plan Director de la resiliencia urbana basado en un proceso abierto y participativo y continuar la implementaci\u00f3n del modelo de ciudad inteligente v\u00eda la reedici\u00f3n del Plan Director *Smart *City Terrassa.<\/p>\n<p>Del 27 de febrero al 29 de mayo, el equipo del proyecto *Intelligent *Cities *Challenge (*ICC) recibi\u00f3 130 candidaturas de 192 ciudades de 20 pa\u00edses de la Uni\u00f3n Europea y del Reino Unido. Finalmente, se han aprobado 88 solicitudes, entre ellas la de Terrassa, para participar en este reto del *ICC durante los pr\u00f3ximos dos a\u00f1os.<\/p>\n<p>Se trata de una gran oportunidad para consolidar el posicionamiento de la ciudad en el \u00e1mbito de la innovaci\u00f3n y de las *smartcities y para aprovechar las tecnolog\u00edas avanzadas para hacer frente a la crisis de la pandemia de la Covid-19, fortaleciendo la econom\u00eda desde un crecimiento m\u00e1s ecol\u00f3gico e inteligente, que ayudar\u00e1 a mejorar la calidad de vida de la ciudadan\u00eda y a generar nuevas oportunidades para el tejido empresarial.<\/p>\n<p>A finales de 2020 finaliza el periodo de vigencia del Plan Director *Smart *City Terrassa y por tanto la estrategia de la ciudad en t\u00e9rminos de pol\u00edticas digitales precisar\u00e1 de un nuevo marco de referencia. En este sentido, la ciudad tiene la oportunidad de prepararse para abrir nuevas v\u00edas y actualizar las vigentes para progresar en este campo.<\/p>\n","protected":false},"excerpt":{"rendered":"<p>El objetivo de la red es potenciar las tecnolog\u00edas avanzadas orientadas al logro de un crecimiento verde, inteligente y sostenible que contribuya a mejorar la calidad de vida de la ciudadan\u00eda. Terrassa es una de las 88 ciudades, de entre 192 de todo Europa, que desprendido de una exhaustiva valoraci\u00f3n [&hellip;]<\/p>\n","protected":false},"author":2,"featured_media":2341,"comment_status":"open","ping_status":"open","sticky":false,"template":"","format":"standard","meta":{"footnotes":""},"categories":[682],"tags":[],"class_list":["post-2335","post","type-post","status-publish","format-standard","has-post-thumbnail","hentry","category-general-es"],"_links":{"self":[{"href":"https:\/\/blogs.terrassa.cat\/ciutatdigital\/wp-json\/wp\/v2\/posts\/2335","targetHints":{"allow":["GET"]}}],"collection":[{"href":"https:\/\/blogs.terrassa.cat\/ciutatdigital\/wp-json\/wp\/v2\/posts"}],"about":[{"href":"https:\/\/blogs.terrassa.cat\/ciutatdigital\/wp-json\/wp\/v2\/types\/post"}],"author":[{"embeddable":true,"href":"https:\/\/blogs.terrassa.cat\/ciutatdigital\/wp-json\/wp\/v2\/users\/2"}],"replies":[{"embeddable":true,"href":"https:\/\/blogs.terrassa.cat\/ciutatdigital\/wp-json\/wp\/v2\/comments?post=2335"}],"version-history":[{"count":0,"href":"https:\/\/blogs.terrassa.cat\/ciutatdigital\/wp-json\/wp\/v2\/posts\/2335\/revisions"}],"wp:featuredmedia":[{"embeddable":true,"href":"https:\/\/blogs.terrassa.cat\/ciutatdigital\/wp-json\/wp\/v2\/media\/2341"}],"wp:attachment":[{"href":"https:\/\/blogs.terrassa.cat\/ciutatdigital\/wp-json\/wp\/v2\/media?parent=2335"}],"wp:term":[{"taxonomy":"category","embeddable":true,"href":"https:\/\/blogs.terrassa.cat\/ciutatdigital\/wp-json\/wp\/v2\/categories?post=2335"},{"taxonomy":"post_tag","embeddable":true,"href":"https:\/\/blogs.terrassa.cat\/ciutatdigital\/wp-json\/wp\/v2\/tags?post=2335"}],"curies":[{"name":"wp","href":"https:\/\/api.w.org\/{rel}","templated":true}]}}