{"id":2374,"date":"2021-02-02T13:21:23","date_gmt":"2021-02-02T12:21:23","guid":{"rendered":"https:\/\/blogs.terrassa.cat\/smarterrassa\/?p=2374"},"modified":"2021-02-02T13:21:23","modified_gmt":"2021-02-02T12:21:23","slug":"ciudad-resiliencia-y-tecnologia","status":"publish","type":"post","link":"https:\/\/blogs.terrassa.cat\/ciutatdigital\/es\/2021\/02\/02\/ciudad-resiliencia-y-tecnologia\/","title":{"rendered":"Ciudad, resiliencia y tecnologia"},"content":{"rendered":"\n<p>La COVID-19 ha puesto de manifiesto que las zonas urbanas se han convertido en el frente de batalla por su alta concentraci\u00f3n de habitantes e interrelaciones entre ellos. Estos dos factores han hecho que las ciudades sean especialmente vulnerables a esta pandemia. <\/p>\n\n\n\n<p>En este escenario hay que dar una respuesta a la crisis, de manera adecuada, para as\u00ed continuar con la recuperaci\u00f3n y la reconstrucci\u00f3n del estado del bienestar. En este escenario juegan un papel muy importante las autoridades locales, los cuales se convierten en los agentes de respuesta de primera l\u00ednea.<\/p>\n\n\n\n<p>En la situaci\u00f3n actual, hay un concepto que cada vez toma m\u00e1s importancia: la <strong>resiliencia<\/strong><strong> <\/strong><strong>urbana<\/strong>, el cual se define como &#8220;<em>la<\/em><em> <\/em><em>capacidad<\/em><em> <\/em><em>de una<\/em><em> <\/em><em>ciudad para<\/em><em> <\/em><em>prever las<\/em><em> <\/em><em>amenazas,<\/em><em> <\/em><em>absorber los<\/em><em> <\/em><em>impactos, responder a<\/em><em> <\/em><em>las crisis,<\/em><em> <\/em><em>recuperarse y<\/em><em> <\/em><em>aprender<\/em><em> <\/em><em>de la experiencia<\/em>.&#8221;  <\/p>\n\n\n\n<figure class=\"wp-block-image size-large\"><img loading=\"lazy\" decoding=\"async\" width=\"797\" height=\"267\" src=\"https:\/\/blogs.terrassa.cat\/smarterrassa\/wp-content\/uploads\/sites\/13\/2021\/02\/image-4.png\" alt=\"\" class=\"wp-image-2375\" srcset=\"https:\/\/blogs.terrassa.cat\/ciutatdigital\/wp-content\/uploads\/sites\/2\/2021\/02\/image-4.png 797w, https:\/\/blogs.terrassa.cat\/ciutatdigital\/wp-content\/uploads\/sites\/2\/2021\/02\/image-4-300x101.png 300w, https:\/\/blogs.terrassa.cat\/ciutatdigital\/wp-content\/uploads\/sites\/2\/2021\/02\/image-4-768x257.png 768w\" sizes=\"auto, (max-width: 797px) 100vw, 797px\" \/><\/figure>\n\n\n\n<p><strong>Terrasa Preparada y Resiliente<\/strong> nace con la visi\u00f3n de convertir Terrassa en una ciudad resiliente, previendo las amenazas, afrontando los retos y superando los impactos, sin dejar a nadie atr\u00e1s.<\/p>\n\n\n\n<p>Su misi\u00f3n es la de formar a la organizaci\u00f3n municipal, ciudadanos, empresas y entidades que operan en Terrassa para que est\u00e9n preparadas para afrontar futuras crisis, recuperarse r\u00e1pidamente y aprender de ellas.  <\/p>\n\n\n\n<p>Para ello es necesario una efectiva colaboraci\u00f3n entre los diferentes agentes implicados en la gesti\u00f3n resiliente de la ciudad, promover entre ellos el desarrollo y la adopci\u00f3n de las mejores estrategias, medidas, metodolog\u00edas y tecnolog\u00edas que contribuyan a la mejora de la resiliencia urbana de Terrassa de manera global.  <\/p>\n\n\n\n<p>Y todo este proceso con el objetivo de salvaguardar la seguridad, el bienestar y la calidad de vida, mediante una gesti\u00f3n de los servicios p\u00fablicos como una red interconectada e interdependiente. <\/p>\n\n\n\n<div class=\"wp-block-image\"><figure class=\"aligncenter size-large is-resized\"><img loading=\"lazy\" decoding=\"async\" src=\"https:\/\/blogs.terrassa.cat\/smarterrassa\/wp-content\/uploads\/sites\/13\/2021\/02\/image-3.jpeg\" alt=\"\" class=\"wp-image-2376\" width=\"288\" height=\"99\" srcset=\"https:\/\/blogs.terrassa.cat\/ciutatdigital\/wp-content\/uploads\/sites\/2\/2021\/02\/image-3.jpeg 512w, https:\/\/blogs.terrassa.cat\/ciutatdigital\/wp-content\/uploads\/sites\/2\/2021\/02\/image-3-300x103.jpeg 300w\" sizes=\"auto, (max-width: 288px) 100vw, 288px\" \/><\/figure><\/div>\n\n\n\n<div class=\"wp-block-image\"><figure class=\"aligncenter size-large is-resized\"><img loading=\"lazy\" decoding=\"async\" src=\"https:\/\/blogs.terrassa.cat\/smarterrassa\/wp-content\/uploads\/sites\/13\/2021\/02\/image-4.jpeg\" alt=\"C:\\Users\\felix\\AppData\\Local\\Microsoft\\Windows\\INetCache\\Content.Word\\UPC.JPEG\" class=\"wp-image-2377\" width=\"302\" height=\"82\" srcset=\"https:\/\/blogs.terrassa.cat\/ciutatdigital\/wp-content\/uploads\/sites\/2\/2021\/02\/image-4.jpeg 448w, https:\/\/blogs.terrassa.cat\/ciutatdigital\/wp-content\/uploads\/sites\/2\/2021\/02\/image-4-300x81.jpeg 300w\" sizes=\"auto, (max-width: 302px) 100vw, 302px\" \/><\/figure><\/div>\n\n\n\n<div class=\"wp-block-image\"><figure class=\"aligncenter size-large is-resized\"><img loading=\"lazy\" decoding=\"async\" src=\"https:\/\/blogs.terrassa.cat\/smarterrassa\/wp-content\/uploads\/sites\/13\/2021\/02\/image-5.jpeg\" alt=\"\" class=\"wp-image-2378\" width=\"297\" height=\"79\" srcset=\"https:\/\/blogs.terrassa.cat\/ciutatdigital\/wp-content\/uploads\/sites\/2\/2021\/02\/image-5.jpeg 434w, https:\/\/blogs.terrassa.cat\/ciutatdigital\/wp-content\/uploads\/sites\/2\/2021\/02\/image-5-300x80.jpeg 300w\" sizes=\"auto, (max-width: 297px) 100vw, 297px\" \/><\/figure><\/div>\n\n\n\n<p>En el marco de la Comisi\u00f3n Europea, la ciudad hizo equipo con la UPC y la CECOT para presentar su visi\u00f3n de ciudad dentro del <strong>Intelligence<\/strong><strong> <\/strong><strong>Cities<\/strong><strong> <\/strong><strong>Challenge<\/strong> (<strong>ICC<\/strong>), logrando que su candidatura fuera aceptada. De este modo Terrassa recibir\u00e1 asesoramiento de expertos durante dos a\u00f1os y medio para poder preparar la transformaci\u00f3n necesaria que nos permitir\u00e1 afrontar los nuevos retos que nos depara el futuro. <\/p>\n\n\n\n<figure class=\"wp-block-image size-large\"><img decoding=\"async\" src=\"https:\/\/blogs.terrassa.cat\/smarterrassa\/wp-content\/uploads\/sites\/13\/2021\/02\/image-5.png\" alt=\"\" class=\"wp-image-2379\" \/><\/figure>\n\n\n\n<p>El <strong>ICC<\/strong> es una iniciativa de la Comisi\u00f3n Europea que re\u00fane m\u00e1s de 100 ciudades para conseguir un crecimiento inteligente, socialmente responsable y sostenible gracias al uso de tecnolog\u00edas avanzadas. <\/p>\n\n\n\n<p>Quiz\u00e1s nos preguntamos de qu\u00e9 manera la tecnolog\u00eda puede ser un factor determinante para reforzar la resiliencia de una ciudad. Sin embargo, en esta crisis sanitaria, tenemos varios de los mejores ejemplos: muchas empresas han podido seguir con sus actividades gracias a la interacci\u00f3n de sus trabajadores v\u00eda telem\u00e1tica (videoconferencias con Skype, Teams, Zoom, y otros); tambi\u00e9n aquellos ayuntamientos que han apostado por la digitalizaci\u00f3n de sus servicios han podido seguir apoyando a la ciudadan\u00eda. <\/p>\n\n\n\n<figure class=\"wp-block-image size-large\"><img loading=\"lazy\" decoding=\"async\" width=\"1024\" height=\"263\" src=\"https:\/\/blogs.terrassa.cat\/smarterrassa\/wp-content\/uploads\/sites\/13\/2021\/02\/image-6.png\" alt=\"\" class=\"wp-image-2380\" srcset=\"https:\/\/blogs.terrassa.cat\/ciutatdigital\/wp-content\/uploads\/sites\/2\/2021\/02\/image-6.png 1024w, https:\/\/blogs.terrassa.cat\/ciutatdigital\/wp-content\/uploads\/sites\/2\/2021\/02\/image-6-300x77.png 300w, https:\/\/blogs.terrassa.cat\/ciutatdigital\/wp-content\/uploads\/sites\/2\/2021\/02\/image-6-768x197.png 768w\" sizes=\"auto, (max-width: 1024px) 100vw, 1024px\" \/><\/figure>\n\n\n\n<p>Uno de los retos del ICC es conseguir que las ciudades se conviertan en el motor de la recuperaci\u00f3n econ\u00f3mica, que creen nuevas oportunidades comerciales, que mejoren la sostenibilidad, y que sean capaces de recuperar sus industrias y PYMEs; y para ello es fundamental acometer la transformaci\u00f3n digital como clave transversal para la consecuci\u00f3n de todos estos objetivos.<\/p>\n\n\n\n<p>Con la participaci\u00f3n de Terrassa en esta iniciativa y mediante un proceso colaborativo de ciudad en la que se impliquen los diferentes agentes relevantes de nuestro municipio, se pretende:<\/p>\n\n\n\n<p>\u2022 Promover la salud y el bienestar de los ciudadanos.<br>\u2022 Aumentar la resiliencia urbana con respecto a la resiliencia clim\u00e1tica, as\u00ed como a la gesti\u00f3n de emergencias y desastres.<br>\u2022 Mejorar y promover la participaci\u00f3n ciudadana, la conectividad y la comunidad.<br>\u2022 Incrementar el tejido empresarial de la ciudad en relaci\u00f3n a startups, PYMEs y empresas innovadoras en econom\u00eda social y colaborativa.<\/p>\n\n\n\n<figure class=\"wp-block-image size-large\"><img loading=\"lazy\" decoding=\"async\" width=\"570\" height=\"565\" src=\"https:\/\/blogs.terrassa.cat\/smarterrassa\/wp-content\/uploads\/sites\/13\/2021\/02\/image-7.png\" alt=\"esp\" class=\"wp-image-2381\" srcset=\"https:\/\/blogs.terrassa.cat\/ciutatdigital\/wp-content\/uploads\/sites\/2\/2021\/02\/image-7.png 570w, https:\/\/blogs.terrassa.cat\/ciutatdigital\/wp-content\/uploads\/sites\/2\/2021\/02\/image-7-300x297.png 300w, https:\/\/blogs.terrassa.cat\/ciutatdigital\/wp-content\/uploads\/sites\/2\/2021\/02\/image-7-150x150.png 150w\" sizes=\"auto, (max-width: 570px) 100vw, 570px\" \/><\/figure>\n\n\n\n<p>Como parte&nbsp;de este proceso&nbsp;colaborativo,&nbsp;el d\u00eda 20 de&nbsp;enero de&nbsp;2021,&nbsp;tuvo lugar&nbsp;un&nbsp;<a href=\"https:\/\/www.terrassa.cat\/es\/noticies\/-\/asset_publisher\/KdWYOJc3Om98\/content\/noticia-l-ajuntament-organitza-uns-tallers-participatius-per-a-avancar-en-el-projecte-terrassa-preparada-i-resilient?terrassaseotitle=El%20Ayuntamiento%20organiza%20unos%20talleres%20participativos%20para%20avanzar%20en%20el%20proyecto%20Terrassa%20preparada%20y%20resiliente\" target=\"_blank\" rel=\"noreferrer noopener\">primer taller<\/a>&nbsp;en el que&nbsp;han&nbsp;participado&nbsp;un gran n\u00famero de&nbsp;representantes&nbsp;de entidades&nbsp;clave en&nbsp;nuestra ciudad, que&nbsp;debido a las&nbsp;restricciones&nbsp;impuestas&nbsp;por&nbsp;COVID-19,&nbsp;y&nbsp;como&nbsp;medida de protecci\u00f3n,&nbsp;se ide\u00f3&nbsp;y realiz\u00f3&nbsp;de forma&nbsp;telem\u00e1tica, a fin de&nbsp;tratar sobre&nbsp;dos&nbsp;asuntos&nbsp;clave:&nbsp;<\/p>\n\n\n\n<p>\u2022&nbsp;Identificar las&nbsp;<strong>debilidades y<\/strong><strong>&nbsp;<\/strong><strong>fortalezas<\/strong>&nbsp;de nuestro&nbsp;municipio,&nbsp;las&nbsp;<strong>amenazas<\/strong>&nbsp;a las&nbsp;que podemos&nbsp;estar&nbsp;expuestos y&nbsp;las&nbsp;<strong>oportunidades<\/strong>&nbsp;que se nos&nbsp;presentan.&nbsp;&nbsp;<\/p>\n\n\n\n<p>\u2022&nbsp;Reflexionar&nbsp;y discutir&nbsp;sobre&nbsp;<strong>el futuro<\/strong><strong>&nbsp;<\/strong><strong>de nuestra ciudad<\/strong>,&nbsp;y&nbsp;pensar&nbsp;c\u00f3mo queremos que sea,&nbsp;de manera&nbsp;ideal,&nbsp;dentro de cinco&nbsp;a\u00f1os.&nbsp;<\/p>\n\n\n\n<p>De esta&nbsp;forma, sabiendo&nbsp;cu\u00e1l es nuestro&nbsp;punto de partida y&nbsp;donde&nbsp;queremos&nbsp;llegar,&nbsp;se podr\u00e1n&nbsp;definir&nbsp;posteriormente&nbsp;las acciones&nbsp;que se deben tomar&nbsp;para&nbsp;convertir este&nbsp;futuro&nbsp;probable&nbsp;en realidad.&nbsp;<\/p>\n\n\n\n<p>Esta primera&nbsp;sesi\u00f3n, tuvo&nbsp;su continuaci\u00f3n&nbsp;en el&nbsp;<a href=\"https:\/\/twitter.com\/smarterrassa\/status\/1354728250300379136\" target=\"_blank\" rel=\"noreferrer noopener\">taller<\/a>&nbsp;del d\u00eda 27&nbsp;de enero de&nbsp;2021,&nbsp;tambi\u00e9n&nbsp;v\u00eda telem\u00e1tica, donde a\u00fan&nbsp;participaron&nbsp;m\u00e1s personas&nbsp;que en la anterior;&nbsp;esto&nbsp;es,&nbsp;sin lugar a dudas, un buen&nbsp;indicador&nbsp;de&nbsp;la implicaci\u00f3n de los&nbsp;diversos agentes&nbsp;del municipio&nbsp;en esta&nbsp;iniciativa.&nbsp;&nbsp;<\/p>\n\n\n\n<p>Partiendo&nbsp;de los resultados&nbsp;del taller&nbsp;inicial,&nbsp;se trabaj\u00f3&nbsp;sobre diferentes&nbsp;aspectos,&nbsp;como son la&nbsp;definici\u00f3n de una&nbsp;<strong>visi\u00f3n general<\/strong>&nbsp;consensuada, los&nbsp;<strong>resultados<\/strong>&nbsp;que&nbsp;queremos&nbsp;alcanzar,&nbsp;<strong>indicadores<\/strong>&nbsp;que&nbsp;nos permitan&nbsp;comprobar que&nbsp;realmente&nbsp;hemos&nbsp;llegado a&nbsp;cumplirlos y&nbsp;las&nbsp;<strong>estrategias<\/strong>&nbsp;indispensables&nbsp;que nos&nbsp;permitan desarrollar&nbsp;las acciones necesarias para&nbsp;tener \u00e9xito.&nbsp;Siempre&nbsp;sin olvidar&nbsp;desde donde&nbsp;hemos empezado&nbsp;y cu\u00e1les&nbsp;son nuestros&nbsp;puntos&nbsp;fuertes&nbsp;y nuestras&nbsp;carencias.&nbsp;<\/p>\n\n\n\n<p>Finalmente&nbsp;evidenciar&nbsp;que queda&nbsp;trabajo&nbsp;por hacer,&nbsp;y que&nbsp;un proceso&nbsp;como del&nbsp;que estamos hablando&nbsp;-de&nbsp;transformaci\u00f3n&nbsp;de nuestra ciudad&nbsp;hacia un&nbsp;futuro m\u00e1s&nbsp;sostenible,&nbsp;socialmente&nbsp;responsable y&nbsp;resiliente-&nbsp;implica&nbsp;la participaci\u00f3n&nbsp;de todos.&nbsp;&nbsp;<\/p>\n\n\n\n<p>Referencias:&nbsp;<\/p>\n\n\n\n<ul class=\"wp-block-list\"><li>Resiliencia Urbana. [www.terrassa.cat]&nbsp;<ul><li><a href=\"https:\/\/www.terrassa.cat\/resiliencia-urbana\" target=\"_blank\" rel=\"noreferrer noopener\">https:\/\/www.terrassa.cat\/resiliencia-urbana<\/a><\/li><\/ul><\/li><\/ul>\n\n\n\n<ul class=\"wp-block-list\"><li>Web del&nbsp;Intelligent&nbsp;Cities&nbsp;Challenge&nbsp;<ul><li><a href=\"https:\/\/www.intelligentcitieschallenge.eu\/\">https:\/\/www.intelligentcitieschallenge.eu\/<\/a><\/li><\/ul><\/li><\/ul>\n\n\n\n<ul class=\"wp-block-list\"><li>ICC Concept Note&nbsp;<ul><li><a href=\"https:\/\/www.intelligentcitieschallenge.eu\/sites\/default\/files\/2020-04\/ICC%20Concept%20Note_24042020.pdf\" target=\"_blank\" rel=\"noreferrer noopener\">https:\/\/www.intelligentcitieschallenge.eu\/sites\/default\/files\/2020-04\/ICC%20Concept%20Note_24042020.pdf<\/a><\/li><\/ul><\/li><\/ul>\n\n\n\n<ul class=\"wp-block-list\"><li>Blogs [terrassa.cat]&nbsp;<\/li><\/ul>\n\n\n\n<figure class=\"wp-block-embed is-type-wp-embed is-provider-wordpress wp-block-embed-wordpress\"><div class=\"wp-block-embed__wrapper\">\n<blockquote class=\"wp-embedded-content\" data-secret=\"qSeWJNmgEX\"><a href=\"https:\/\/blogs.terrassa.cat\/internacional\/2020\/07\/08\/terrassa-ha-estat-seleccionada-pel-repte-de-les-100-ciutats-intelligents\/\">Terrassa ha estat seleccionada pel repte de les 100 Ciutats Intel\u00b7ligents<\/a><\/blockquote><iframe loading=\"lazy\" class=\"wp-embedded-content\" sandbox=\"allow-scripts\" security=\"restricted\" style=\"position: absolute; clip: rect(1px, 1px, 1px, 1px);\" title=\"&#8220;Terrassa ha estat seleccionada pel repte de les 100 Ciutats Intel\u00b7ligents&#8221; &#8212; Terrassa Relacions Internacionals\" src=\"https:\/\/blogs.terrassa.cat\/internacional\/2020\/07\/08\/terrassa-ha-estat-seleccionada-pel-repte-de-les-100-ciutats-intelligents\/embed\/#?secret=fweQASKlG7#?secret=qSeWJNmgEX\" data-secret=\"qSeWJNmgEX\" width=\"600\" height=\"338\" frameborder=\"0\" marginwidth=\"0\" marginheight=\"0\" scrolling=\"no\"><\/iframe>\n<\/div><\/figure>\n\n\n\n<ul class=\"wp-block-list\"><li>COVID-19 in a&nbsp;urban&nbsp;World&nbsp;[Naciones Unidas]&nbsp;<ul><li><a href=\"https:\/\/www.un.org\/sites\/un2.un.org\/files\/covid-19_in_an_urban_world_spanish.pdf\" target=\"_blank\" rel=\"noreferrer noopener\">https:\/\/www.un.org\/sites\/un2.un.org\/files\/covid-19_in_an_urban_world_spanish.pdf<\/a><\/li><\/ul><\/li><\/ul>\n","protected":false},"excerpt":{"rendered":"<p>La COVID-19 ha puesto de manifiesto que las zonas urbanas se han convertido en el frente de batalla por su alta concentraci\u00f3n de habitantes e interrelaciones entre ellos. Estos dos factores han hecho que las ciudades sean especialmente vulnerables a esta pandemia. En este escenario hay que dar una respuesta [&hellip;]<\/p>\n","protected":false},"author":2,"featured_media":2372,"comment_status":"open","ping_status":"open","sticky":false,"template":"","format":"standard","meta":{"footnotes":""},"categories":[682],"tags":[],"class_list":["post-2374","post","type-post","status-publish","format-standard","has-post-thumbnail","hentry","category-general-es"],"_links":{"self":[{"href":"https:\/\/blogs.terrassa.cat\/ciutatdigital\/wp-json\/wp\/v2\/posts\/2374","targetHints":{"allow":["GET"]}}],"collection":[{"href":"https:\/\/blogs.terrassa.cat\/ciutatdigital\/wp-json\/wp\/v2\/posts"}],"about":[{"href":"https:\/\/blogs.terrassa.cat\/ciutatdigital\/wp-json\/wp\/v2\/types\/post"}],"author":[{"embeddable":true,"href":"https:\/\/blogs.terrassa.cat\/ciutatdigital\/wp-json\/wp\/v2\/users\/2"}],"replies":[{"embeddable":true,"href":"https:\/\/blogs.terrassa.cat\/ciutatdigital\/wp-json\/wp\/v2\/comments?post=2374"}],"version-history":[{"count":0,"href":"https:\/\/blogs.terrassa.cat\/ciutatdigital\/wp-json\/wp\/v2\/posts\/2374\/revisions"}],"wp:featuredmedia":[{"embeddable":true,"href":"https:\/\/blogs.terrassa.cat\/ciutatdigital\/wp-json\/wp\/v2\/media\/2372"}],"wp:attachment":[{"href":"https:\/\/blogs.terrassa.cat\/ciutatdigital\/wp-json\/wp\/v2\/media?parent=2374"}],"wp:term":[{"taxonomy":"category","embeddable":true,"href":"https:\/\/blogs.terrassa.cat\/ciutatdigital\/wp-json\/wp\/v2\/categories?post=2374"},{"taxonomy":"post_tag","embeddable":true,"href":"https:\/\/blogs.terrassa.cat\/ciutatdigital\/wp-json\/wp\/v2\/tags?post=2374"}],"curies":[{"name":"wp","href":"https:\/\/api.w.org\/{rel}","templated":true}]}}