{"id":7231,"date":"2026-04-29T14:49:25","date_gmt":"2026-04-29T12:49:25","guid":{"rendered":"https:\/\/blogs.terrassa.cat\/internacional\/?p=7231"},"modified":"2026-04-29T14:49:27","modified_gmt":"2026-04-29T12:49:27","slug":"europa-tespera-oportunitats-erasmus-i-voluntariat-europeu","status":"publish","type":"post","link":"https:\/\/blogs.terrassa.cat\/internacional\/2026\/04\/29\/europa-tespera-oportunitats-erasmus-i-voluntariat-europeu\/","title":{"rendered":"Europa t\u2019espera: oportunitats Erasmus i voluntariat europeu"},"content":{"rendered":"\n<p>El 27 d&#8217;abril, en el marc de la Fira Terrassa Tria Futur, el servei de Relacions Internacionals va oferir una xerrada a l&#8217;institut Cavall Bernat per donar a con\u00e8ixer oportunitats europees de mobilitat als i a les joves de la ciutat.<\/p>\n\n\n\n<p>La xerrada \u201cEuropa t\u2019espera: oportunitats Erasmus i voluntariat europeu\u201d, estava adre\u00e7ada a l&#8217;alumnat de secund\u00e0ria, amb l\u2019objectiu de donar a con\u00e8ixer les oportunitats de mobilitat europea, programes Erasmus i opcions de voluntariat europeu, aix\u00ed com orientar sobre els requisits i passos per participar-hi.<\/p>\n\n\n\n<p>La sessi\u00f3 va anar a c\u00e0rrec de Veronica Zhelanova, estudiant del M\u00e0ster de Relacions Internacionals de la UAB i estudiant en pr\u00e0ctiques al servei de Relacions Internacionals.<\/p>\n\n\n<div class=\"wp-block-image\">\n<figure class=\"aligncenter size-full is-resized\"><img loading=\"lazy\" decoding=\"async\" width=\"680\" height=\"512\" src=\"https:\/\/blogs.terrassa.cat\/internacional\/wp-content\/uploads\/sites\/3\/2026\/04\/imagen-4.png\" alt=\"\" class=\"wp-image-7232\" style=\"width:373px;height:auto\" srcset=\"https:\/\/blogs.terrassa.cat\/internacional\/wp-content\/uploads\/sites\/3\/2026\/04\/imagen-4.png 680w, https:\/\/blogs.terrassa.cat\/internacional\/wp-content\/uploads\/sites\/3\/2026\/04\/imagen-4-300x226.png 300w\" sizes=\"auto, (max-width: 680px) 100vw, 680px\" \/><\/figure>\n<\/div>\n\n\n<p><\/p>\n","protected":false},"excerpt":{"rendered":"<p>El 27 d&#8217;abril, en el marc de la Fira Terrassa Tria Futur, el servei de Relacions Internacionals va oferir una xerrada a l&#8217;institut Cavall Bernat per donar a con\u00e8ixer oportunitats europees de mobilitat als i a les joves de la ciutat. La xerrada \u201cEuropa t\u2019espera: oportunitats Erasmus i voluntariat europeu\u201d, [&hellip;]<\/p>\n","protected":false},"author":3,"featured_media":0,"comment_status":"open","ping_status":"open","sticky":false,"template":"","format":"standard","meta":{"footnotes":""},"categories":[24,26],"tags":[608],"class_list":["post-7231","post","type-post","status-publish","format-standard","hentry","category-boletin","category-butlleti","tag-fira-terrassa-tria-futur-ttf"],"_links":{"self":[{"href":"https:\/\/blogs.terrassa.cat\/internacional\/wp-json\/wp\/v2\/posts\/7231","targetHints":{"allow":["GET"]}}],"collection":[{"href":"https:\/\/blogs.terrassa.cat\/internacional\/wp-json\/wp\/v2\/posts"}],"about":[{"href":"https:\/\/blogs.terrassa.cat\/internacional\/wp-json\/wp\/v2\/types\/post"}],"author":[{"embeddable":true,"href":"https:\/\/blogs.terrassa.cat\/internacional\/wp-json\/wp\/v2\/users\/3"}],"replies":[{"embeddable":true,"href":"https:\/\/blogs.terrassa.cat\/internacional\/wp-json\/wp\/v2\/comments?post=7231"}],"version-history":[{"count":1,"href":"https:\/\/blogs.terrassa.cat\/internacional\/wp-json\/wp\/v2\/posts\/7231\/revisions"}],"predecessor-version":[{"id":7233,"href":"https:\/\/blogs.terrassa.cat\/internacional\/wp-json\/wp\/v2\/posts\/7231\/revisions\/7233"}],"wp:attachment":[{"href":"https:\/\/blogs.terrassa.cat\/internacional\/wp-json\/wp\/v2\/media?parent=7231"}],"wp:term":[{"taxonomy":"category","embeddable":true,"href":"https:\/\/blogs.terrassa.cat\/internacional\/wp-json\/wp\/v2\/categories?post=7231"},{"taxonomy":"post_tag","embeddable":true,"href":"https:\/\/blogs.terrassa.cat\/internacional\/wp-json\/wp\/v2\/tags?post=7231"}],"curies":[{"name":"wp","href":"https:\/\/api.w.org\/{rel}","templated":true}]}}