{"id":7234,"date":"2026-04-29T15:18:58","date_gmt":"2026-04-29T13:18:58","guid":{"rendered":"https:\/\/blogs.terrassa.cat\/internacional\/?p=7234"},"modified":"2026-04-29T15:19:00","modified_gmt":"2026-04-29T13:19:00","slug":"concert-del-dia-deuropa-2026","status":"publish","type":"post","link":"https:\/\/blogs.terrassa.cat\/internacional\/2026\/04\/29\/concert-del-dia-deuropa-2026\/","title":{"rendered":"Concert del Dia d\u2019Europa 2026"},"content":{"rendered":"\n<p>Ens plau convidar-vos al <strong>Concert del Dia d\u2019Europa 2026<\/strong>, \u201cMira al cel, mira enll\u00e0, mira en terra\u201d, a c\u00e0rrec del Trio Arcattia, que tindr\u00e0 lloc el <strong>dimarts 12 de maig de 2026, de 19.30 h a 20.30 h, a l\u2019Auditori de Terrassa<\/strong>.<\/p>\n\n\n\n<p>Aquest concert proposa un viatge musical amb un repertori acurat i evocador, interpretat per una formaci\u00f3 de gran sensibilitat art\u00edstica com \u00e9s el Trio Arcattia.<\/p>\n\n\n\n<p>L\u2019entrada \u00e9s gratu\u00efta, per\u00f2 \u00e9s imprescindible reservar pr\u00e8viament les entrades a trav\u00e9s del seg\u00fcent enlla\u00e7: <a href=\"https:\/\/www.entrapolis.com\/entrades\/concert-del-trio-arcattia-mira-al-cel-mira-enlla-mira-en-terra\">https:\/\/www.entrapolis.com\/entrades\/concert-del-trio-arcattia-mira-al-cel-mira-enlla-mira-en-terra<\/a><\/p>\n\n\n<div class=\"wp-block-image\">\n<figure class=\"aligncenter size-full is-resized\"><img loading=\"lazy\" decoding=\"async\" width=\"475\" height=\"630\" src=\"https:\/\/blogs.terrassa.cat\/internacional\/wp-content\/uploads\/sites\/3\/2026\/04\/imagen-5.png\" alt=\"\" class=\"wp-image-7235\" style=\"width:223px;height:auto\" srcset=\"https:\/\/blogs.terrassa.cat\/internacional\/wp-content\/uploads\/sites\/3\/2026\/04\/imagen-5.png 475w, https:\/\/blogs.terrassa.cat\/internacional\/wp-content\/uploads\/sites\/3\/2026\/04\/imagen-5-226x300.png 226w\" sizes=\"auto, (max-width: 475px) 100vw, 475px\" \/><\/figure>\n<\/div>\n\n<div class=\"wp-block-image\">\n<figure class=\"aligncenter size-full is-resized\"><img loading=\"lazy\" decoding=\"async\" width=\"458\" height=\"621\" src=\"https:\/\/blogs.terrassa.cat\/internacional\/wp-content\/uploads\/sites\/3\/2026\/04\/imagen-6.png\" alt=\"\" class=\"wp-image-7236\" style=\"width:201px;height:auto\" srcset=\"https:\/\/blogs.terrassa.cat\/internacional\/wp-content\/uploads\/sites\/3\/2026\/04\/imagen-6.png 458w, https:\/\/blogs.terrassa.cat\/internacional\/wp-content\/uploads\/sites\/3\/2026\/04\/imagen-6-221x300.png 221w\" sizes=\"auto, (max-width: 458px) 100vw, 458px\" \/><\/figure>\n<\/div>\n\n\n<p><\/p>\n","protected":false},"excerpt":{"rendered":"<p>Ens plau convidar-vos al Concert del Dia d\u2019Europa 2026, \u201cMira al cel, mira enll\u00e0, mira en terra\u201d, a c\u00e0rrec del Trio Arcattia, que tindr\u00e0 lloc el dimarts 12 de maig de 2026, de 19.30 h a 20.30 h, a l\u2019Auditori de Terrassa. Aquest concert proposa un viatge musical amb un [&hellip;]<\/p>\n","protected":false},"author":3,"featured_media":0,"comment_status":"open","ping_status":"open","sticky":false,"template":"","format":"standard","meta":{"footnotes":""},"categories":[24,26],"tags":[228],"class_list":["post-7234","post","type-post","status-publish","format-standard","hentry","category-boletin","category-butlleti","tag-dia-deuropa"],"_links":{"self":[{"href":"https:\/\/blogs.terrassa.cat\/internacional\/wp-json\/wp\/v2\/posts\/7234","targetHints":{"allow":["GET"]}}],"collection":[{"href":"https:\/\/blogs.terrassa.cat\/internacional\/wp-json\/wp\/v2\/posts"}],"about":[{"href":"https:\/\/blogs.terrassa.cat\/internacional\/wp-json\/wp\/v2\/types\/post"}],"author":[{"embeddable":true,"href":"https:\/\/blogs.terrassa.cat\/internacional\/wp-json\/wp\/v2\/users\/3"}],"replies":[{"embeddable":true,"href":"https:\/\/blogs.terrassa.cat\/internacional\/wp-json\/wp\/v2\/comments?post=7234"}],"version-history":[{"count":1,"href":"https:\/\/blogs.terrassa.cat\/internacional\/wp-json\/wp\/v2\/posts\/7234\/revisions"}],"predecessor-version":[{"id":7237,"href":"https:\/\/blogs.terrassa.cat\/internacional\/wp-json\/wp\/v2\/posts\/7234\/revisions\/7237"}],"wp:attachment":[{"href":"https:\/\/blogs.terrassa.cat\/internacional\/wp-json\/wp\/v2\/media?parent=7234"}],"wp:term":[{"taxonomy":"category","embeddable":true,"href":"https:\/\/blogs.terrassa.cat\/internacional\/wp-json\/wp\/v2\/categories?post=7234"},{"taxonomy":"post_tag","embeddable":true,"href":"https:\/\/blogs.terrassa.cat\/internacional\/wp-json\/wp\/v2\/tags?post=7234"}],"curies":[{"name":"wp","href":"https:\/\/api.w.org\/{rel}","templated":true}]}}