{"id":7238,"date":"2026-04-30T07:47:45","date_gmt":"2026-04-30T05:47:45","guid":{"rendered":"https:\/\/blogs.terrassa.cat\/internacional\/?p=7238"},"modified":"2026-04-30T07:47:46","modified_gmt":"2026-04-30T05:47:46","slug":"terrassa-ciutat-convidada-a-la-cerimonia-dels-premis-europeus-de-capitals-de-la-inclusio-i-la-diversitat-de-la-comissio-europea","status":"publish","type":"post","link":"https:\/\/blogs.terrassa.cat\/internacional\/2026\/04\/30\/terrassa-ciutat-convidada-a-la-cerimonia-dels-premis-europeus-de-capitals-de-la-inclusio-i-la-diversitat-de-la-comissio-europea\/","title":{"rendered":"Terrassa, ciutat convidada a la cerim\u00f2nia dels Premis Europeus de Capitals de la Inclusi\u00f3 i la Diversitat de la Comissi\u00f3 Europea"},"content":{"rendered":"\n<p>Terrassa ha estat convidada a participar en la cerim\u00f2nia de lliurament del Premi Europeu de Capitals de la Inclusi\u00f3 i la Diversitat i en l\u2019acte d\u2019obertura del Mes Europeu de la Diversitat, que ha tingut lloc els dies 21 i 22 d\u2019abril de 2026 a Brussel\u00b7les, organitzat per la Comissi\u00f3 Europea.<\/p>\n\n\n\n<p>La invitaci\u00f3 s\u2019ha fet en qualitat de ciutat guanyadora del Premi Europeu de Capitals de la Inclusi\u00f3 i la Diversitat l\u2019any 2023, reconeixement amb el qual Terrassa va ser distingida per la seva traject\u00f2ria en la promoci\u00f3 de la igualtat, la inclusi\u00f3 i la protecci\u00f3 i visibilitzaci\u00f3 de la diversitat. La ciutat es va situar per davant de la regi\u00f3 de Brussel\u00b7les-Capital i de la ciutat d\u2019H\u00e8lsinki, guardonades amb la plata i el bronze respectivament.<\/p>\n\n\n\n<p>En aquella ocasi\u00f3, el jurat del premi va posar especialment en valor l\u2019aposta de l\u2019Ajuntament de Terrassa per la incorporaci\u00f3 de la perspectiva interseccional a les pol\u00edtiques p\u00fabliques locals, un treball iniciat l\u2019any 2018 amb el projecte \u201cIgualtats Connectades\u201d. Aquest projecte va esdevenir un punt d\u2019inflexi\u00f3 en la manera de dissenyar i implementar pol\u00edtiques municipals d\u2019igualtat, tenint en compte la interacci\u00f3 d\u2019eixos de desigualtat.<\/p>\n\n\n\n<p>Aquest reconeixement europeu se suma a altres mostres que evidencien que Terrassa \u00e9s avui un referent en pol\u00edtiques de foment de la igualtat, fet pel qual rep sovint invitacions d\u2019altres administracions p\u00fabliques catalanes, espanyoles i europees per participar en espais d\u2019intercanvi d\u2019aprenentatges i experi\u00e8ncies.<\/p>\n\n\n\n<p>A m\u00e9s, aquesta projecci\u00f3 internacional impulsen el posicionament europeu de la ciutat, la participaci\u00f3 en xarxes i iniciatives internacionals i la cooperaci\u00f3 amb altres ciutats. En aquest marc, la pres\u00e8ncia de Terrassa en espais de refer\u00e8ncia com els Premis Europeus de Capitals de la Inclusi\u00f3 i la Diversitat contribueix a refor\u00e7ar el seu paper com a actor actiu en l\u2019agenda europea i a generar oportunitats d\u2019aprenentatge, aliances i captaci\u00f3 de recursos per a la ciutat.<\/p>\n\n\n\n<p>Mostra d\u2019aquesta posici\u00f3 de referent \u00e9s tamb\u00e9 la inclusi\u00f3 de l\u2019experi\u00e8ncia de Terrassa en el document de recopilaci\u00f3 de bones pr\u00e0ctiques europees elaborat per la Comissi\u00f3 Europea l\u2019any 2025, on es recullen iniciatives destacades de ciutats i regions que treballen de manera exemplar la inclusi\u00f3 i la diversitat.<\/p>\n\n\n\n<p>L\u2019esdeveniment celebrat a Brussel\u00b7les ha incl\u00f2s la cerim\u00f2nia de lliurament dels premis, una recepci\u00f3 institucional, una confer\u00e8ncia i tallers de treball, que enguany s\u2019ha centrat en la construcci\u00f3 de mercats laborals inclusius. El Mes Europeu de la Diversitat posa el focus en la necessitat de fomentar pr\u00e0ctiques de contractaci\u00f3 inclusives i garantir la igualtat de tracte com a realitat efectiva per a totes les persones, en el marc del comprom\u00eds de la Uni\u00f3 Europea per combatre la discriminaci\u00f3 i promoure entorns laborals diversos i inclusius.<\/p>\n\n\n\n<p>La participaci\u00f3 de Terrassa en aquest espai ha perm\u00e8s, d\u2019una banda, ampliar el coneixement sobre les pol\u00edtiques europees de foment de la inclusi\u00f3 i la diversitat, aix\u00ed com con\u00e8ixer experi\u00e8ncies similars, establir aliances i refor\u00e7ar xarxes de treball. De l\u2019altra, ha servit per visibilitzar l\u2019experi\u00e8ncia de Terrassa i refor\u00e7ar el posicionament de la ciutat com a referent europeu en igualtat i interseccionalitat.<\/p>\n\n\n<div class=\"wp-block-image\">\n<figure class=\"aligncenter size-full is-resized\"><img loading=\"lazy\" decoding=\"async\" width=\"681\" height=\"486\" src=\"https:\/\/blogs.terrassa.cat\/internacional\/wp-content\/uploads\/sites\/3\/2026\/04\/imagen-7.png\" alt=\"\" class=\"wp-image-7239\" style=\"aspect-ratio:1.4012143458555177;width:381px;height:auto\" srcset=\"https:\/\/blogs.terrassa.cat\/internacional\/wp-content\/uploads\/sites\/3\/2026\/04\/imagen-7.png 681w, https:\/\/blogs.terrassa.cat\/internacional\/wp-content\/uploads\/sites\/3\/2026\/04\/imagen-7-300x214.png 300w\" sizes=\"auto, (max-width: 681px) 100vw, 681px\" \/><\/figure>\n<\/div>\n\n\n<p><\/p>\n","protected":false},"excerpt":{"rendered":"<p>Terrassa ha estat convidada a participar en la cerim\u00f2nia de lliurament del Premi Europeu de Capitals de la Inclusi\u00f3 i la Diversitat i en l\u2019acte d\u2019obertura del Mes Europeu de la Diversitat, que ha tingut lloc els dies 21 i 22 d\u2019abril de 2026 a Brussel\u00b7les, organitzat per la Comissi\u00f3 [&hellip;]<\/p>\n","protected":false},"author":3,"featured_media":7239,"comment_status":"open","ping_status":"open","sticky":false,"template":"","format":"standard","meta":{"footnotes":""},"categories":[24,26],"tags":[284],"class_list":["post-7238","post","type-post","status-publish","format-standard","has-post-thumbnail","hentry","category-boletin","category-butlleti","tag-european-capitals-of-inclusion-and-diversity"],"_links":{"self":[{"href":"https:\/\/blogs.terrassa.cat\/internacional\/wp-json\/wp\/v2\/posts\/7238","targetHints":{"allow":["GET"]}}],"collection":[{"href":"https:\/\/blogs.terrassa.cat\/internacional\/wp-json\/wp\/v2\/posts"}],"about":[{"href":"https:\/\/blogs.terrassa.cat\/internacional\/wp-json\/wp\/v2\/types\/post"}],"author":[{"embeddable":true,"href":"https:\/\/blogs.terrassa.cat\/internacional\/wp-json\/wp\/v2\/users\/3"}],"replies":[{"embeddable":true,"href":"https:\/\/blogs.terrassa.cat\/internacional\/wp-json\/wp\/v2\/comments?post=7238"}],"version-history":[{"count":1,"href":"https:\/\/blogs.terrassa.cat\/internacional\/wp-json\/wp\/v2\/posts\/7238\/revisions"}],"predecessor-version":[{"id":7241,"href":"https:\/\/blogs.terrassa.cat\/internacional\/wp-json\/wp\/v2\/posts\/7238\/revisions\/7241"}],"wp:featuredmedia":[{"embeddable":true,"href":"https:\/\/blogs.terrassa.cat\/internacional\/wp-json\/wp\/v2\/media\/7239"}],"wp:attachment":[{"href":"https:\/\/blogs.terrassa.cat\/internacional\/wp-json\/wp\/v2\/media?parent=7238"}],"wp:term":[{"taxonomy":"category","embeddable":true,"href":"https:\/\/blogs.terrassa.cat\/internacional\/wp-json\/wp\/v2\/categories?post=7238"},{"taxonomy":"post_tag","embeddable":true,"href":"https:\/\/blogs.terrassa.cat\/internacional\/wp-json\/wp\/v2\/tags?post=7238"}],"curies":[{"name":"wp","href":"https:\/\/api.w.org\/{rel}","templated":true}]}}