{"id":7244,"date":"2026-04-30T21:41:34","date_gmt":"2026-04-30T19:41:34","guid":{"rendered":"https:\/\/blogs.terrassa.cat\/internacional\/?p=7244"},"modified":"2026-04-30T21:41:36","modified_gmt":"2026-04-30T19:41:36","slug":"el-servei-de-relacions-internacionals-participa-a-la-fira-engegat-de-la-uab","status":"publish","type":"post","link":"https:\/\/blogs.terrassa.cat\/internacional\/2026\/04\/30\/el-servei-de-relacions-internacionals-participa-a-la-fira-engegat-de-la-uab\/","title":{"rendered":"El Servei de Relacions Internacionals participa a la Fira Engega\u2019t de la UAB"},"content":{"rendered":"\n<p>El Servei de Relacions Internacionals de l\u2019Ajuntament de Terrassa ha participat en una nova edici\u00f3 de la Fira Engega\u2019t de la UAB, un espai de trobada orientat a apropar el m\u00f3n professional als estudiants de la facultat de Ci\u00e8ncies Pol\u00edtiques i Sociologia.<\/p>\n\n\n\n<p>En el marc de l\u2019esdeveniment, el Servei va donar a con\u00e8ixer el seu paper en la projecci\u00f3 de la ciutat en l\u2019\u00e0mbit europeu i internacional, aix\u00ed com la seva tasca d\u2019an\u00e0lisi i impuls de pol\u00edtiques p\u00fabliques que permeten la participaci\u00f3 de Terrassa en iniciatives i projectes internacionals. Tamb\u00e9 es va posar en relleu la gesti\u00f3 i coordinaci\u00f3 de projectes finan\u00e7ats amb fons europeus, inclosos els fons Next Generation EU, cada cop m\u00e9s rellevants en el desenvolupament de pol\u00edtiques locals. Aix\u00ed mateix, es va destacar la participaci\u00f3 en xarxes de ciutats, les col\u00b7laboracions institucionals i el suport a diferents \u00e0rees municipals en mat\u00e8ria de relacions europees i internacionals.<\/p>\n\n\n\n<p>La participaci\u00f3 a la Fira tamb\u00e9 va servir per donar a con\u00e8ixer l\u2019administraci\u00f3 local com a sortida professional, posant en valor la diversitat de perfils que hi treballen i explicant les diferents vies d\u2019acc\u00e9s a la funci\u00f3 p\u00fablica, aix\u00ed com les compet\u00e8ncies i habilitats m\u00e9s valorades en aquest \u00e0mbit.<\/p>\n\n\n\n<p>Amb aquesta acci\u00f3, el Servei de Relacions Internacionals reafirma el seu comprom\u00eds amb la difusi\u00f3 de la dimensi\u00f3 internacional de la ciutat i amb la difusi\u00f3 d\u2019oportunitats laborals pels estudiants especialistes en la gesti\u00f3 p\u00fablica.<\/p>\n\n\n\n<figure class=\"wp-block-image size-large\"><img loading=\"lazy\" decoding=\"async\" width=\"1024\" height=\"768\" src=\"https:\/\/blogs.terrassa.cat\/internacional\/wp-content\/uploads\/sites\/3\/2026\/04\/image-1024x768.png\" alt=\"\" class=\"wp-image-7245\" srcset=\"https:\/\/blogs.terrassa.cat\/internacional\/wp-content\/uploads\/sites\/3\/2026\/04\/image-1024x768.png 1024w, https:\/\/blogs.terrassa.cat\/internacional\/wp-content\/uploads\/sites\/3\/2026\/04\/image-300x225.png 300w, https:\/\/blogs.terrassa.cat\/internacional\/wp-content\/uploads\/sites\/3\/2026\/04\/image-768x576.png 768w, https:\/\/blogs.terrassa.cat\/internacional\/wp-content\/uploads\/sites\/3\/2026\/04\/image-1536x1152.png 1536w, https:\/\/blogs.terrassa.cat\/internacional\/wp-content\/uploads\/sites\/3\/2026\/04\/image.png 1600w\" sizes=\"auto, (max-width: 1024px) 100vw, 1024px\" \/><\/figure>\n\n\n\n<p><\/p>\n","protected":false},"excerpt":{"rendered":"<p>El Servei de Relacions Internacionals de l\u2019Ajuntament de Terrassa ha participat en una nova edici\u00f3 de la Fira Engega\u2019t de la UAB, un espai de trobada orientat a apropar el m\u00f3n professional als estudiants de la facultat de Ci\u00e8ncies Pol\u00edtiques i Sociologia. En el marc de l\u2019esdeveniment, el Servei va [&hellip;]<\/p>\n","protected":false},"author":3,"featured_media":7245,"comment_status":"open","ping_status":"open","sticky":false,"template":"","format":"standard","meta":{"footnotes":""},"categories":[22,24,26],"tags":[1518,1410,604,1520],"class_list":["post-7244","post","type-post","status-publish","format-standard","has-post-thumbnail","hentry","category-altres","category-boletin","category-butlleti","tag-fira-engegat","tag-relacions-internacionals","tag-terrassa","tag-uab"],"_links":{"self":[{"href":"https:\/\/blogs.terrassa.cat\/internacional\/wp-json\/wp\/v2\/posts\/7244","targetHints":{"allow":["GET"]}}],"collection":[{"href":"https:\/\/blogs.terrassa.cat\/internacional\/wp-json\/wp\/v2\/posts"}],"about":[{"href":"https:\/\/blogs.terrassa.cat\/internacional\/wp-json\/wp\/v2\/types\/post"}],"author":[{"embeddable":true,"href":"https:\/\/blogs.terrassa.cat\/internacional\/wp-json\/wp\/v2\/users\/3"}],"replies":[{"embeddable":true,"href":"https:\/\/blogs.terrassa.cat\/internacional\/wp-json\/wp\/v2\/comments?post=7244"}],"version-history":[{"count":1,"href":"https:\/\/blogs.terrassa.cat\/internacional\/wp-json\/wp\/v2\/posts\/7244\/revisions"}],"predecessor-version":[{"id":7246,"href":"https:\/\/blogs.terrassa.cat\/internacional\/wp-json\/wp\/v2\/posts\/7244\/revisions\/7246"}],"wp:featuredmedia":[{"embeddable":true,"href":"https:\/\/blogs.terrassa.cat\/internacional\/wp-json\/wp\/v2\/media\/7245"}],"wp:attachment":[{"href":"https:\/\/blogs.terrassa.cat\/internacional\/wp-json\/wp\/v2\/media?parent=7244"}],"wp:term":[{"taxonomy":"category","embeddable":true,"href":"https:\/\/blogs.terrassa.cat\/internacional\/wp-json\/wp\/v2\/categories?post=7244"},{"taxonomy":"post_tag","embeddable":true,"href":"https:\/\/blogs.terrassa.cat\/internacional\/wp-json\/wp\/v2\/tags?post=7244"}],"curies":[{"name":"wp","href":"https:\/\/api.w.org\/{rel}","templated":true}]}}