{"id":7405,"date":"2026-08-31T13:02:29","date_gmt":"2026-08-31T11:02:29","guid":{"rendered":"https:\/\/blogs.terrassa.cat\/internacional\/?p=7405"},"modified":"2026-08-31T13:02:33","modified_gmt":"2026-08-31T11:02:33","slug":"fireprime-un-projecte-europeu-per-ajudar-la-ciutadania-a-identificar-i-reduir-el-risc-dincendi-als-habitatges-situats-a-prop-de-zones-boscoses","status":"publish","type":"post","link":"https:\/\/blogs.terrassa.cat\/internacional\/2026\/08\/31\/fireprime-un-projecte-europeu-per-ajudar-la-ciutadania-a-identificar-i-reduir-el-risc-dincendi-als-habitatges-situats-a-prop-de-zones-boscoses\/","title":{"rendered":"FIREPRIME: Un projecte europeu per ajudar la ciutadania a identificar i reduir el risc d\u2019incendi als habitatges situats a prop de zones boscoses"},"content":{"rendered":"\n<p class=\"wp-block-paragraph\">FIREPRIME ajuda la ciutadania a identificar i reduir el risc d\u2019incendi forestal als habitatges situats a prop de zones boscoses. El projecte posa a disposici\u00f3 de la poblaci\u00f3 una aplicaci\u00f3 m\u00f2bil que permet valorar la vulnerabilitat de cada habitatge a partir de diferents factors, com ara les caracter\u00edstiques de l\u2019entorn de la parcel\u00b7la, el disseny de la casa, els materials de construcci\u00f3, la vegetaci\u00f3 propera o l\u2019exist\u00e8ncia d\u2019elements inflamables als voltants. Un cop feta l\u2019avaluaci\u00f3, l\u2019aplicaci\u00f3 ofereix recomanacions i mesures pr\u00e0ctiques per disminuir el risc.<\/p>\n\n\n\n<p class=\"wp-block-paragraph\">La regidora de Protecci\u00f3 Civil, Ruth Hibern\u00f3n, va mantenir una trobada amb representants de la Diputaci\u00f3 de Barcelona, que li van presentar el projecte i en van explicar el funcionament. FIREPRIME forma part d\u2019un programa europeu de prevenci\u00f3 d\u2019incendis forestals, l\u2019European Programme for Wildfire-Prepared Communities, i compta amb el cofinan\u00e7ament de la Uni\u00f3 Europea i el suport de la Diputaci\u00f3 de Barcelona, la UPC, la UOC i la Fundaci\u00f3 Pau Costa.<\/p>\n\n\n\n<p class=\"wp-block-paragraph\">La Diputaci\u00f3 de Barcelona ja ha fet arribar aquesta informaci\u00f3 als residents de les urbanitzacions dels Pinetons i El Molinot. En les properes setmanes, la iniciativa es far\u00e0 extensiva tamb\u00e9 a altres urbanitzacions i habitatges a\u00efllats.<\/p>\n\n\n<div class=\"wp-block-image\">\n<figure class=\"aligncenter size-full is-resized\"><img loading=\"lazy\" decoding=\"async\" width=\"737\" height=\"519\" src=\"https:\/\/blogs.terrassa.cat\/internacional\/wp-content\/uploads\/sites\/3\/2026\/08\/imagen-3.png\" alt=\"\" class=\"wp-image-7406\" style=\"width:471px;height:auto\" srcset=\"https:\/\/blogs.terrassa.cat\/internacional\/wp-content\/uploads\/sites\/3\/2026\/08\/imagen-3.png 737w, https:\/\/blogs.terrassa.cat\/internacional\/wp-content\/uploads\/sites\/3\/2026\/08\/imagen-3-300x211.png 300w\" sizes=\"auto, (max-width: 737px) 100vw, 737px\" \/><\/figure>\n<\/div>","protected":false},"excerpt":{"rendered":"<p>FIREPRIME ajuda la ciutadania a identificar i reduir el risc d\u2019incendi forestal als habitatges situats a prop de zones boscoses. El projecte posa a disposici\u00f3 de la poblaci\u00f3 una aplicaci\u00f3 m\u00f2bil que permet valorar la vulnerabilitat de cada habitatge a partir de diferents factors, com ara les caracter\u00edstiques de l\u2019entorn [&hellip;]<\/p>\n","protected":false},"author":3,"featured_media":7406,"comment_status":"open","ping_status":"open","sticky":false,"template":"","format":"standard","meta":{"footnotes":""},"categories":[24,26],"tags":[1529,542],"class_list":["post-7405","post","type-post","status-publish","format-standard","has-post-thumbnail","hentry","category-boletin","category-butlleti","tag-fireprime","tag-projecte-europeu"],"_links":{"self":[{"href":"https:\/\/blogs.terrassa.cat\/internacional\/wp-json\/wp\/v2\/posts\/7405","targetHints":{"allow":["GET"]}}],"collection":[{"href":"https:\/\/blogs.terrassa.cat\/internacional\/wp-json\/wp\/v2\/posts"}],"about":[{"href":"https:\/\/blogs.terrassa.cat\/internacional\/wp-json\/wp\/v2\/types\/post"}],"author":[{"embeddable":true,"href":"https:\/\/blogs.terrassa.cat\/internacional\/wp-json\/wp\/v2\/users\/3"}],"replies":[{"embeddable":true,"href":"https:\/\/blogs.terrassa.cat\/internacional\/wp-json\/wp\/v2\/comments?post=7405"}],"version-history":[{"count":1,"href":"https:\/\/blogs.terrassa.cat\/internacional\/wp-json\/wp\/v2\/posts\/7405\/revisions"}],"predecessor-version":[{"id":7407,"href":"https:\/\/blogs.terrassa.cat\/internacional\/wp-json\/wp\/v2\/posts\/7405\/revisions\/7407"}],"wp:featuredmedia":[{"embeddable":true,"href":"https:\/\/blogs.terrassa.cat\/internacional\/wp-json\/wp\/v2\/media\/7406"}],"wp:attachment":[{"href":"https:\/\/blogs.terrassa.cat\/internacional\/wp-json\/wp\/v2\/media?parent=7405"}],"wp:term":[{"taxonomy":"category","embeddable":true,"href":"https:\/\/blogs.terrassa.cat\/internacional\/wp-json\/wp\/v2\/categories?post=7405"},{"taxonomy":"post_tag","embeddable":true,"href":"https:\/\/blogs.terrassa.cat\/internacional\/wp-json\/wp\/v2\/tags?post=7405"}],"curies":[{"name":"wp","href":"https:\/\/api.w.org\/{rel}","templated":true}]}}