{"id":7408,"date":"2026-08-31T14:24:19","date_gmt":"2026-08-31T12:24:19","guid":{"rendered":"https:\/\/blogs.terrassa.cat\/internacional\/?p=7408"},"modified":"2026-08-31T14:24:22","modified_gmt":"2026-08-31T12:24:22","slug":"els-gegants-bojos-de-terrassa-travessen-latlantic-i-arriben-a-costa-rica","status":"publish","type":"post","link":"https:\/\/blogs.terrassa.cat\/internacional\/2026\/08\/31\/els-gegants-bojos-de-terrassa-travessen-latlantic-i-arriben-a-costa-rica\/","title":{"rendered":"Els Gegants Bojos de Terrassa travessen l\u2019Atl\u00e0ntic i arriben a Costa Rica"},"content":{"rendered":"\n<h3 class=\"wp-block-heading\"><\/h3>\n\n\n\n<p class=\"wp-block-paragraph\">Els Gegants Bojos de Terrassa, el Manelic i la Marta, han viatjat per primera vegada fins a Costa Rica per participar en les festes de San Bartolom\u00e9 de Barva, un dels principals referents de la mascarada tradicional del pa\u00eds.<\/p>\n\n\n\n<p class=\"wp-block-paragraph\">La delegaci\u00f3 terrassenca, formada per dotze persones, \u00e9s a Costa Rica des de principis d\u2019agost, on ha dut a terme diverses activitats de divulgaci\u00f3 cultural, com xerrades i tallers, especialment a la prov\u00edncia d\u2019Heredia. Ara, amb l\u2019arribada dels dos gegants, comen\u00e7a la part central de l\u2019expedici\u00f3, amb presentacions i actuacions dins del programa festiu de Barva.<\/p>\n\n\n\n<p class=\"wp-block-paragraph\">La visita dona continu\u00eftat als vincles establerts amb Ra\u00edces Barve\u00f1as, grup que va participar en la Trobada Intercontinental celebrada a Terrassa el juny del 2024, amb motiu del cinqu\u00e8 aniversari dels Gegants Bojos.<\/p>\n\n\n\n<p class=\"wp-block-paragraph\">La Mascarada de Barva \u00e9s una de les tradicions m\u00e9s arrelades de Costa Rica i reuneix cada any m\u00fasics, artesans i participants amb m\u00e0scares de tota mena, acompanyats de les tradicionals cimarrones.<\/p>\n\n\n\n<p class=\"wp-block-paragraph\">Amb aquesta estada, els Gegants Bojos consoliden la seva projecci\u00f3 internacional despr\u00e9s d\u2019haver participat en celebracions a B\u00e8lgica i al Senegal. Costa Rica es converteix aix\u00ed en el tercer continent que visiten.<\/p>\n\n\n\n<figure class=\"wp-block-image size-full is-resized\"><img loading=\"lazy\" decoding=\"async\" width=\"820\" height=\"442\" src=\"https:\/\/blogs.terrassa.cat\/internacional\/wp-content\/uploads\/sites\/3\/2026\/08\/imagen-4.png\" alt=\"\" class=\"wp-image-7409\" style=\"width:504px;height:auto\" srcset=\"https:\/\/blogs.terrassa.cat\/internacional\/wp-content\/uploads\/sites\/3\/2026\/08\/imagen-4.png 820w, https:\/\/blogs.terrassa.cat\/internacional\/wp-content\/uploads\/sites\/3\/2026\/08\/imagen-4-300x162.png 300w, https:\/\/blogs.terrassa.cat\/internacional\/wp-content\/uploads\/sites\/3\/2026\/08\/imagen-4-768x414.png 768w\" sizes=\"auto, (max-width: 820px) 100vw, 820px\" \/><figcaption class=\"wp-element-caption\">Autor imatge: Gegants Bojos<\/figcaption><\/figure>\n","protected":false},"excerpt":{"rendered":"<p>Els Gegants Bojos de Terrassa, el Manelic i la Marta, han viatjat per primera vegada fins a Costa Rica per participar en les festes de San Bartolom\u00e9 de Barva, un dels principals referents de la mascarada tradicional del pa\u00eds. La delegaci\u00f3 terrassenca, formada per dotze persones, \u00e9s a Costa Rica [&hellip;]<\/p>\n","protected":false},"author":3,"featured_media":7409,"comment_status":"open","ping_status":"open","sticky":false,"template":"","format":"standard","meta":{"footnotes":""},"categories":[24,26],"tags":[],"class_list":["post-7408","post","type-post","status-publish","format-standard","has-post-thumbnail","hentry","category-boletin","category-butlleti"],"_links":{"self":[{"href":"https:\/\/blogs.terrassa.cat\/internacional\/wp-json\/wp\/v2\/posts\/7408","targetHints":{"allow":["GET"]}}],"collection":[{"href":"https:\/\/blogs.terrassa.cat\/internacional\/wp-json\/wp\/v2\/posts"}],"about":[{"href":"https:\/\/blogs.terrassa.cat\/internacional\/wp-json\/wp\/v2\/types\/post"}],"author":[{"embeddable":true,"href":"https:\/\/blogs.terrassa.cat\/internacional\/wp-json\/wp\/v2\/users\/3"}],"replies":[{"embeddable":true,"href":"https:\/\/blogs.terrassa.cat\/internacional\/wp-json\/wp\/v2\/comments?post=7408"}],"version-history":[{"count":1,"href":"https:\/\/blogs.terrassa.cat\/internacional\/wp-json\/wp\/v2\/posts\/7408\/revisions"}],"predecessor-version":[{"id":7410,"href":"https:\/\/blogs.terrassa.cat\/internacional\/wp-json\/wp\/v2\/posts\/7408\/revisions\/7410"}],"wp:featuredmedia":[{"embeddable":true,"href":"https:\/\/blogs.terrassa.cat\/internacional\/wp-json\/wp\/v2\/media\/7409"}],"wp:attachment":[{"href":"https:\/\/blogs.terrassa.cat\/internacional\/wp-json\/wp\/v2\/media?parent=7408"}],"wp:term":[{"taxonomy":"category","embeddable":true,"href":"https:\/\/blogs.terrassa.cat\/internacional\/wp-json\/wp\/v2\/categories?post=7408"},{"taxonomy":"post_tag","embeddable":true,"href":"https:\/\/blogs.terrassa.cat\/internacional\/wp-json\/wp\/v2\/tags?post=7408"}],"curies":[{"name":"wp","href":"https:\/\/api.w.org\/{rel}","templated":true}]}}